{"id":263457,"date":"2020-11-09T13:33:18","date_gmt":"2020-11-09T18:33:18","guid":{"rendered":"https:\/\/leventdunord.com\/2020\/11\/09\/new-video-clip-au-regiment\/"},"modified":"2022-06-07T16:24:35","modified_gmt":"2022-06-07T20:24:35","slug":"new-video-clip-au-regiment","status":"publish","type":"post","link":"https:\/\/leventdunord.com\/en\/2020\/new-video-clip-au-regiment\/","title":{"rendered":"New video clip Au R\u00e9giment"},"content":{"rendered":"<p style=\"line-height: 19.9pt; vertical-align: baseline; margin: 0cm 0cm 15.0pt 0cm;\"><span style=\"font-family: 'Arial','sans-serif'; color: #444444;\">Today we unveil a video filmed during the summer of 2020 in the forest of St-C\u00f4me, Lanaudi\u00e8re. The song <i>Au R\u00e9giment<\/i> tells the story of a lover who announces to his girlfriend that he has committed to serve the regiment for six years. This traditional song was found in Georges Comeau\u2019s repertoire.<\/span><\/p>\n<p style=\"line-height: 19.9pt; vertical-align: baseline; margin: 0cm 0cm 15.0pt 0cm;\"><span style=\"font-family: 'Arial','sans-serif'; color: #444444;\">We thank the team of the Synop6 in Joliette who worked on this project.<br \/>\nDirector and Editor: Louis Coutu<br \/>\nAssistant Director: Steeve Simard<br \/>\nCameras: Louis Coutu and Frank Tremblay<br \/>\nTechnician: Mathieu Joly<br \/>\nSound Recording: Fran\u00e7ois Beaus\u00e9jour<br \/>\nMixing: Olivier Demers<br \/>\nStarring: Le Vent du Nord, Zachary Evrard, and \u00c9mie Th\u00e9riault<\/span><\/p>\n<p style=\"line-height: 19.9pt; vertical-align: baseline; margin: 0cm 0cm 15.0pt 0cm;\"><i><span style=\"font-family: 'Arial','sans-serif'; color: #444444;\">Au R\u00e9giment<\/span><\/i><span style=\"font-family: 'Arial','sans-serif'; color: #444444;\"> is a traditional work adapted and arranged by Le Vent du Nord and Richard Forest.<\/span><\/p>\n<p><iframe title=\"AU R\u00c9GIMENT -  LE VENT DU NORD\" width=\"800\" height=\"450\" src=\"https:\/\/www.youtube.com\/embed\/FLjkv7AdUEI?feature=oembed\" frameborder=\"0\" allow=\"accelerometer; autoplay; clipboard-write; encrypted-media; gyroscope; picture-in-picture; web-share\" referrerpolicy=\"strict-origin-when-cross-origin\" allowfullscreen><\/iframe><\/p>\n","protected":false},"excerpt":{"rendered":"<p>Today we unveil a video filmed during the summer of 2020 in the forest of St-C\u00f4me, Lanaudi\u00e8re. The song Au R\u00e9giment tells the story of a lover who announces to his girlfriend that he has committed to serve the regiment for six years. This traditional song was found in Georges Comeau\u2019s repertoire. We thank the [&hellip;]<\/p>\n","protected":false},"author":2,"featured_media":263458,"comment_status":"open","ping_status":"open","sticky":false,"template":"","format":"standard","meta":{"footnotes":""},"categories":[55],"tags":[],"class_list":["post-263457","post","type-post","status-publish","format-standard","has-post-thumbnail","hentry","category-news"],"_links":{"self":[{"href":"https:\/\/leventdunord.com\/en\/wp-json\/wp\/v2\/posts\/263457","targetHints":{"allow":["GET"]}}],"collection":[{"href":"https:\/\/leventdunord.com\/en\/wp-json\/wp\/v2\/posts"}],"about":[{"href":"https:\/\/leventdunord.com\/en\/wp-json\/wp\/v2\/types\/post"}],"author":[{"embeddable":true,"href":"https:\/\/leventdunord.com\/en\/wp-json\/wp\/v2\/users\/2"}],"replies":[{"embeddable":true,"href":"https:\/\/leventdunord.com\/en\/wp-json\/wp\/v2\/comments?post=263457"}],"version-history":[{"count":0,"href":"https:\/\/leventdunord.com\/en\/wp-json\/wp\/v2\/posts\/263457\/revisions"}],"wp:featuredmedia":[{"embeddable":true,"href":"https:\/\/leventdunord.com\/en\/wp-json\/wp\/v2\/media\/263458"}],"wp:attachment":[{"href":"https:\/\/leventdunord.com\/en\/wp-json\/wp\/v2\/media?parent=263457"}],"wp:term":[{"taxonomy":"category","embeddable":true,"href":"https:\/\/leventdunord.com\/en\/wp-json\/wp\/v2\/categories?post=263457"},{"taxonomy":"post_tag","embeddable":true,"href":"https:\/\/leventdunord.com\/en\/wp-json\/wp\/v2\/tags?post=263457"}],"curies":[{"name":"wp","href":"https:\/\/api.w.org\/{rel}","templated":true}]}}