{"id":267175,"date":"2020-08-04T15:47:34","date_gmt":"2020-08-04T19:47:34","guid":{"rendered":"https:\/\/leventdunord.com\/2023\/getting-prepared-for-virtual-performances-2\/"},"modified":"2024-02-05T18:00:22","modified_gmt":"2024-02-05T23:00:22","slug":"getting-prepared-for-virtual-performances-2","status":"publish","type":"post","link":"https:\/\/leventdunord.com\/en\/2020\/getting-prepared-for-virtual-performances-2\/","title":{"rendered":"Getting prepared for virtual performances"},"content":{"rendered":"<p>In response to the pandemic, the event <strong>Le Printemps \u00e9cossais<\/strong> presented at La Place des Arts in Montreal has been cancelled, including the participation of Le Vent du Nord on April 18th. The team therefore offered the band to present - in confinement mode - a mini-concert in\u00a0<a href=\"https:\/\/placedesarts.com\/fr\/blogue\/la-sc%C3%A8ne-cach%C3%A9e-le-vent-du-nord-en-prestation\" target=\"_blank\" rel=\"noopener\">La Sc\u00e8ne Cach\u00e9e<\/a> and relayed it on social networks.<br \/>\nYou can hear 3 tunes : Le Jardinier, Le Step d'Alexis &amp; La M\u00e8re \u00e0 l'\u00e9chafaud.<\/p>\n<p>Have a good viewing!<\/p>\n<p>#Together #Ensemble # Territoires<\/p>\n<p>&nbsp;<\/p>\n","protected":false},"excerpt":{"rendered":"<p>In response to the pandemic, the event Le Printemps \u00e9cossais presented at La Place des Arts in Montreal has been cancelled, including the participation of Le Vent du Nord on April 18th. The team therefore offered the band to present - in confinement mode - a mini-concert in\u00a0La Sc\u00e8ne Cach\u00e9e and relayed it on social [&hellip;]<\/p>\n","protected":false},"author":2,"featured_media":263296,"comment_status":"closed","ping_status":"open","sticky":false,"template":"","format":"standard","meta":{"footnotes":""},"categories":[55],"tags":[],"class_list":["post-267175","post","type-post","status-publish","format-standard","has-post-thumbnail","hentry","category-news"],"_links":{"self":[{"href":"https:\/\/leventdunord.com\/en\/wp-json\/wp\/v2\/posts\/267175","targetHints":{"allow":["GET"]}}],"collection":[{"href":"https:\/\/leventdunord.com\/en\/wp-json\/wp\/v2\/posts"}],"about":[{"href":"https:\/\/leventdunord.com\/en\/wp-json\/wp\/v2\/types\/post"}],"author":[{"embeddable":true,"href":"https:\/\/leventdunord.com\/en\/wp-json\/wp\/v2\/users\/2"}],"replies":[{"embeddable":true,"href":"https:\/\/leventdunord.com\/en\/wp-json\/wp\/v2\/comments?post=267175"}],"version-history":[{"count":0,"href":"https:\/\/leventdunord.com\/en\/wp-json\/wp\/v2\/posts\/267175\/revisions"}],"wp:featuredmedia":[{"embeddable":true,"href":"https:\/\/leventdunord.com\/en\/wp-json\/wp\/v2\/media\/263296"}],"wp:attachment":[{"href":"https:\/\/leventdunord.com\/en\/wp-json\/wp\/v2\/media?parent=267175"}],"wp:term":[{"taxonomy":"category","embeddable":true,"href":"https:\/\/leventdunord.com\/en\/wp-json\/wp\/v2\/categories?post=267175"},{"taxonomy":"post_tag","embeddable":true,"href":"https:\/\/leventdunord.com\/en\/wp-json\/wp\/v2\/tags?post=267175"}],"curies":[{"name":"wp","href":"https:\/\/api.w.org\/{rel}","templated":true}]}}