{"id":267182,"date":"2018-12-21T16:53:02","date_gmt":"2018-12-21T21:53:02","guid":{"rendered":"https:\/\/leventdunord.com\/2023\/la-veillee-de-lavant-veille-next-december-30th-in-montreal-2\/"},"modified":"2024-02-05T17:57:40","modified_gmt":"2024-02-05T22:57:40","slug":"la-veillee-de-lavant-veille-next-december-30th-in-montreal-2","status":"publish","type":"post","link":"https:\/\/leventdunord.com\/en\/2018\/la-veillee-de-lavant-veille-next-december-30th-in-montreal-2\/","title":{"rendered":"La Veill\u00e9e de l'avant-Veille next December 30th in Montr\u00e9al"},"content":{"rendered":"<p>The tradition lives on! La Veill\u00e9e de l\u2019avant-veille is back, December 30<sup>t, <\/sup>at Club Soda, in Montr\u00e9al\u2019s Quartier des spectacles.<\/p>\n<p>It will be the 22<sup>nd<\/sup> edition of this annual event presented by Le Vent du Nord. <strong>Le Vent du Nord<\/strong> and <strong>De Temps Antan<\/strong> will be performing their collaborative show SOLO, with a special appearance by <strong>Cirque Alfonse<\/strong>. The dance will be called by <strong>\u00c9rick Tarte<\/strong>. <em>The<\/em> year-end celebration, <a href=\"https:\/\/clubsoda.ca\/fr\/22e-La-Veillee-de-l-avant-veille_2706\" data-mce-href=\"https:\/\/clubsoda.ca\/fr\/22e-La-Veillee-de-l-avant-veille_2706\" data-mce- target=\"_blank\" rel=\"noopener\">La Veill\u00e9e de l'avant-veille<\/a> brings together all the generations that know how to party!<\/p>\n<p>A large-scale trad music party in downtown Montreal with the ambience of a rock concert!<\/p>\n<p><a href=\"https:\/\/www.facebook.com\/events\/1152129901605797\/\" data-mce-href=\"https:\/\/www.facebook.com\/events\/1152129901605797\/\" data-mce- target=\"_blank\" rel=\"noopener\">Facebook event<\/a><\/p>\n","protected":false},"excerpt":{"rendered":"<p>The tradition lives on! La Veill\u00e9e de l\u2019avant-veille is back, December 30t, at Club Soda, in Montr\u00e9al\u2019s Quartier des spectacles. It will be the 22nd edition of this annual event presented by Le Vent du Nord. Le Vent du Nord and De Temps Antan will be performing their collaborative show SOLO, with a special appearance [&hellip;]<\/p>\n","protected":false},"author":2,"featured_media":263250,"comment_status":"open","ping_status":"open","sticky":false,"template":"","format":"standard","meta":{"footnotes":""},"categories":[55],"tags":[],"class_list":["post-267182","post","type-post","status-publish","format-standard","has-post-thumbnail","hentry","category-news"],"_links":{"self":[{"href":"https:\/\/leventdunord.com\/en\/wp-json\/wp\/v2\/posts\/267182","targetHints":{"allow":["GET"]}}],"collection":[{"href":"https:\/\/leventdunord.com\/en\/wp-json\/wp\/v2\/posts"}],"about":[{"href":"https:\/\/leventdunord.com\/en\/wp-json\/wp\/v2\/types\/post"}],"author":[{"embeddable":true,"href":"https:\/\/leventdunord.com\/en\/wp-json\/wp\/v2\/users\/2"}],"replies":[{"embeddable":true,"href":"https:\/\/leventdunord.com\/en\/wp-json\/wp\/v2\/comments?post=267182"}],"version-history":[{"count":0,"href":"https:\/\/leventdunord.com\/en\/wp-json\/wp\/v2\/posts\/267182\/revisions"}],"wp:featuredmedia":[{"embeddable":true,"href":"https:\/\/leventdunord.com\/en\/wp-json\/wp\/v2\/media\/263250"}],"wp:attachment":[{"href":"https:\/\/leventdunord.com\/en\/wp-json\/wp\/v2\/media?parent=267182"}],"wp:term":[{"taxonomy":"category","embeddable":true,"href":"https:\/\/leventdunord.com\/en\/wp-json\/wp\/v2\/categories?post=267182"},{"taxonomy":"post_tag","embeddable":true,"href":"https:\/\/leventdunord.com\/en\/wp-json\/wp\/v2\/tags?post=267182"}],"curies":[{"name":"wp","href":"https:\/\/api.w.org\/{rel}","templated":true}]}}