{"id":267678,"date":"2023-12-15T19:02:42","date_gmt":"2023-12-16T00:02:42","guid":{"rendered":"https:\/\/leventdunord.com\/2023\/le-vent-du-nord-et-invites-a-tele-quebec-le-30-decembre-dans-lemission-speciale-la-veillee-trad\/"},"modified":"2024-03-26T10:36:39","modified_gmt":"2024-03-26T14:36:39","slug":"le-vent-du-nord-et-invites-a-tele-quebec-le-30-decembre-dans-lemission-speciale-la-veillee-trad","status":"publish","type":"post","link":"https:\/\/leventdunord.com\/en\/2023\/le-vent-du-nord-et-invites-a-tele-quebec-le-30-decembre-dans-lemission-speciale-la-veillee-trad\/","title":{"rendered":"Le Vent du Nord &#038; guests with the special program La Veill\u00e9e trad on T\u00c9L\u00c9-QU\u00c9BEC on December 30"},"content":{"rendered":"<div class=\"xdj266r x11i5rnm xat24cr x1mh8g0r x1vvkbs x126k92a\">\n<div dir=\"auto\">A big December 30th this year!!!! Indeed, while Le Vent du Nord is hosting the 26th edition of its Quebec trad music and dance event <em>La Veill\u00e9e de l'avant-Veille<\/em> in downtown Montreal, it will also be hosting <strong><em>La Veill\u00e9e Trad<\/em><\/strong>, a truly special television program in which it will be in fine company with Galant tu perds ton temps, Visht\u00e8n connexions, De Temps Antan, Ren\u00e9e Robitaille, Michel Bordeleau, Erick Tarte and many others.<\/div>\n<div dir=\"auto\">\u00a0<\/div>\n<\/div>\n<div class=\"x11i5rnm xat24cr x1mh8g0r x1vvkbs xtlvy1s x126k92a\">\n<div dir=\"auto\"><span style=\"font-size: 16px;\"><strong>TO WATCH THE TRAILER<\/strong> <\/span><a style=\"font-size: 16px; background-color: #ffffff;\" href=\"https:\/\/fb.watch\/pf6sKT8-8O\/\" target=\"_blank\" rel=\"noopener\">&gt;&gt;&gt;<\/a><\/div>\n<div dir=\"auto\">\n<p>Original broadcast: December 30, 8 p.m on T\u00e9l\u00e9-Qu\u00e9bec<br \/>\nReruns of the television show La Veill\u00e9e Trad:<br \/>\nJanuary 03, 10pm on T\u00e9l\u00e9-Qu\u00e9bec<br \/>\n<span style=\"font-size: 16px;\">Saturday 04, 0h23 on T\u00e9l\u00e9-Qu\u00e9bec<\/span><\/p>\n<\/div>\n<\/div>\n","protected":false},"excerpt":{"rendered":"<p>A big December 30th this year!!!! Indeed, while Le Vent du Nord is hosting the 26th edition of its Quebec trad music and dance event La Veill\u00e9e de l'avant-Veille in downtown Montreal<\/p>\n","protected":false},"author":2,"featured_media":267672,"comment_status":"closed","ping_status":"closed","sticky":false,"template":"","format":"standard","meta":{"footnotes":""},"categories":[55],"tags":[72],"class_list":["post-267678","post","type-post","status-publish","format-standard","has-post-thumbnail","hentry","category-news","tag-72"],"_links":{"self":[{"href":"https:\/\/leventdunord.com\/en\/wp-json\/wp\/v2\/posts\/267678","targetHints":{"allow":["GET"]}}],"collection":[{"href":"https:\/\/leventdunord.com\/en\/wp-json\/wp\/v2\/posts"}],"about":[{"href":"https:\/\/leventdunord.com\/en\/wp-json\/wp\/v2\/types\/post"}],"author":[{"embeddable":true,"href":"https:\/\/leventdunord.com\/en\/wp-json\/wp\/v2\/users\/2"}],"replies":[{"embeddable":true,"href":"https:\/\/leventdunord.com\/en\/wp-json\/wp\/v2\/comments?post=267678"}],"version-history":[{"count":0,"href":"https:\/\/leventdunord.com\/en\/wp-json\/wp\/v2\/posts\/267678\/revisions"}],"wp:featuredmedia":[{"embeddable":true,"href":"https:\/\/leventdunord.com\/en\/wp-json\/wp\/v2\/media\/267672"}],"wp:attachment":[{"href":"https:\/\/leventdunord.com\/en\/wp-json\/wp\/v2\/media?parent=267678"}],"wp:term":[{"taxonomy":"category","embeddable":true,"href":"https:\/\/leventdunord.com\/en\/wp-json\/wp\/v2\/categories?post=267678"},{"taxonomy":"post_tag","embeddable":true,"href":"https:\/\/leventdunord.com\/en\/wp-json\/wp\/v2\/tags?post=267678"}],"curies":[{"name":"wp","href":"https:\/\/api.w.org\/{rel}","templated":true}]}}