{"id":268148,"date":"2024-06-15T18:00:28","date_gmt":"2024-06-15T22:00:28","guid":{"rendered":"https:\/\/leventdunord.com\/?p=268148"},"modified":"2024-06-21T19:28:15","modified_gmt":"2024-06-21T23:28:15","slug":"le-vent-du-nord-on-the-special-show-for-the-fete-nationale-du-quebec-in-montreal-on-june-24","status":"publish","type":"post","link":"https:\/\/leventdunord.com\/en\/2024\/le-vent-du-nord-on-the-special-show-for-the-fete-nationale-du-quebec-in-montreal-on-june-24\/","title":{"rendered":"Le Vent du Nord on the special show for the F\u00eate Nationale du Qu\u00e9bec in Montr\u00e9al on June 24"},"content":{"rendered":"<p>In the company of a host of Quebec artists including Kanen, Judy Richard, Daniel Lavoie, Patsy Gallant, Claude Dubois, El\u00e9onore, and FouKi, Le Vent du Nord will be headlining the Grand Spectacle de la F\u00eate nationale in Montreal on June 24 between 8 and 10 pm. Join us at Parc Maisonneuve for this colorful event hosted by Pierre-Yves Lord.<\/p>\n<p><em>The event will also be broadcast live on ICI T\u00e9l\u00e9, TVA, CKOI, Rythme and CIME.<\/em><\/p>\n<p>For those who will be on site, that show will be followed by a DJ performance by Pierre-Yves Lord, as Le Vent du Nord who'll close the evening with a performance that lasts until midnight!<\/p>\n<p>Don't miss it!!!<\/p>\n<p>All details <a href=\"https:\/\/fetenationale-montreal.qc.ca\/\" target=\"_blank\" rel=\"noopener\">&gt;&gt;&gt;&gt;<\/a><\/p>\n<p><img fetchpriority=\"high\" decoding=\"async\" class=\"alignnone size-medium wp-image-268141\" src=\"https:\/\/leventdunord.com\/wp-content\/uploads\/2024\/06\/vdn-24-juin-2024-fnq-mtl-600x600.jpg\" alt=\"\" width=\"600\" height=\"600\" title=\"\" srcset=\"https:\/\/leventdunord.com\/wp-content\/uploads\/2024\/06\/vdn-24-juin-2024-fnq-mtl-600x600.jpg 600w, https:\/\/leventdunord.com\/wp-content\/uploads\/2024\/06\/vdn-24-juin-2024-fnq-mtl-1024x1024.jpg 1024w, https:\/\/leventdunord.com\/wp-content\/uploads\/2024\/06\/vdn-24-juin-2024-fnq-mtl-150x150.jpg 150w, https:\/\/leventdunord.com\/wp-content\/uploads\/2024\/06\/vdn-24-juin-2024-fnq-mtl-768x768.jpg 768w, https:\/\/leventdunord.com\/wp-content\/uploads\/2024\/06\/vdn-24-juin-2024-fnq-mtl.jpg 1080w\" sizes=\"(max-width: 600px) 100vw, 600px\" \/><\/p>\n","protected":false},"excerpt":{"rendered":"<p>In the company of a host of Quebec artists including Kanen, Judy Richard, Daniel Lavoie, Patsy Gallant, Claude Dubois, El\u00e9onore, and FouKi, Le Vent du Nord will be headlining the Grand Spectacle de la F\u00eate nationale in Montreal on June 24 between 8 and 10 pm. Join us at Parc Maisonneuve for this colorful event [&hellip;]<\/p>\n","protected":false},"author":2,"featured_media":268144,"comment_status":"closed","ping_status":"closed","sticky":false,"template":"","format":"standard","meta":{"footnotes":""},"categories":[55],"tags":[76],"class_list":["post-268148","post","type-post","status-publish","format-standard","has-post-thumbnail","hentry","category-news","tag-76"],"_links":{"self":[{"href":"https:\/\/leventdunord.com\/en\/wp-json\/wp\/v2\/posts\/268148","targetHints":{"allow":["GET"]}}],"collection":[{"href":"https:\/\/leventdunord.com\/en\/wp-json\/wp\/v2\/posts"}],"about":[{"href":"https:\/\/leventdunord.com\/en\/wp-json\/wp\/v2\/types\/post"}],"author":[{"embeddable":true,"href":"https:\/\/leventdunord.com\/en\/wp-json\/wp\/v2\/users\/2"}],"replies":[{"embeddable":true,"href":"https:\/\/leventdunord.com\/en\/wp-json\/wp\/v2\/comments?post=268148"}],"version-history":[{"count":0,"href":"https:\/\/leventdunord.com\/en\/wp-json\/wp\/v2\/posts\/268148\/revisions"}],"wp:featuredmedia":[{"embeddable":true,"href":"https:\/\/leventdunord.com\/en\/wp-json\/wp\/v2\/media\/268144"}],"wp:attachment":[{"href":"https:\/\/leventdunord.com\/en\/wp-json\/wp\/v2\/media?parent=268148"}],"wp:term":[{"taxonomy":"category","embeddable":true,"href":"https:\/\/leventdunord.com\/en\/wp-json\/wp\/v2\/categories?post=268148"},{"taxonomy":"post_tag","embeddable":true,"href":"https:\/\/leventdunord.com\/en\/wp-json\/wp\/v2\/tags?post=268148"}],"curies":[{"name":"wp","href":"https:\/\/api.w.org\/{rel}","templated":true}]}}