{"id":268640,"date":"2025-02-25T15:32:35","date_gmt":"2025-02-25T20:32:35","guid":{"rendered":"https:\/\/leventdunord.com\/?p=268640"},"modified":"2025-12-10T23:14:23","modified_gmt":"2025-12-11T04:14:23","slug":"10-concerts-in-sweden-between-april-21-30-2025","status":"publish","type":"post","link":"https:\/\/leventdunord.com\/en\/2025\/10-concerts-in-sweden-between-april-21-30-2025\/","title":{"rendered":"10 concerts in Sweden between April 21-30, 2025"},"content":{"rendered":"<p>After a magnificent tour of Scandinavia last fall, Le Vent du Nord return to Sweden this spring for a series of 10 concerts. Full details below.<br \/>\n<strong>TICKETS ON SALE NOW<\/strong><\/p>\n<p><img decoding=\"async\" class=\"wp-image-268626 alignright\" src=\"https:\/\/leventdunord.com\/wp-content\/uploads\/2025\/03\/1-600x222.jpg\" alt=\"\" width=\"346\" height=\"128\" title=\"\" srcset=\"https:\/\/leventdunord.com\/wp-content\/uploads\/2025\/03\/1-600x222.jpg 600w, https:\/\/leventdunord.com\/wp-content\/uploads\/2025\/03\/1-1024x379.jpg 1024w, https:\/\/leventdunord.com\/wp-content\/uploads\/2025\/03\/1-768x284.jpg 768w, https:\/\/leventdunord.com\/wp-content\/uploads\/2025\/03\/1.jpg 1920w\" sizes=\"(max-width: 346px) 100vw, 346px\" \/><\/p>\n<p>April 21 Stora Teatern, G\u00f6teborg - with \u00a0support Lena Jonsson trio <a href=\"https:\/\/storateatern.se\/sv\/program\/le-vent-du-nord-med-support-lena-jonsson-trio\/\" target=\"_blank\" rel=\"noopener\">&gt;&gt;&gt;<\/a><br \/>\nApril 22: J\u00e4rna, Futurum \u00a0<br \/>\nApril 23 V\u00e4ster\u00e5s, Konserthuset\u00a0<a href=\"https:\/\/vastmanlandsmusiken.se\/event\/le-vent-du-nord\/\" target=\"_blank\" rel=\"noopener\"> &gt;&gt;&gt;<\/a><br \/>\nApril 24 V\u00e4xj\u00f6, Nygatan 6 <a href=\"https:\/\/musikisyd.ebiljett.nu\/Tickets\/Select\/l3t41rcg\" target=\"_blank\" rel=\"noopener\">&gt;&gt;&gt;<\/a><br \/>\nApril 25 Eskilstuna, Biografbaren\u00a0<br \/>\nApril 26 Link\u00f6ping, \u00d6stg\u00f6ta Museum <a href=\"https:\/\/makethescene.ticketco.events\/se\/sv\/e\/le_vent_du_nord__en_matinkonsert_paa_stergtlands_museum_fraan_den_prisbelnta_franskspraakiga_folkscenen_i_qubec\" target=\"_blank\" rel=\"noopener\">&gt;&gt;&gt;<\/a><br \/>\nApril 27 Uppsala, \u00a0Kulturoasen\u00a0 <a href=\"https:\/\/www.tickster.com\/se\/sv\/events\/pfyx0azkklw8ce1\/2025-04-27\/supersondag-le-vent-du-nord\" target=\"_blank\" rel=\"noopener\">&gt;&gt;&gt;<\/a><br \/>\nApril 28 K\u00f6ping, \u00a0Forum Teatern\u00a0 <br \/>\nApril 29 Ockelbo, \u00a0Wij Tr\u00e4dg\u00e5rdar <a href=\"https:\/\/kulturbiljetter.se\/evenemang\/7770\/le-vent-du-nord https:\/\/www.ballong-sm2025.se\/evenemang\/\" target=\"_blank\" rel=\"noopener\">&gt;&gt;&gt;<\/a>\u00a0 <br \/>\nApril 30 Stockholm, Maxim <a href=\"https:\/\/www.maximstockholm.se\/maxim-moten-event\/\" target=\"_blank\" rel=\"noopener\">&gt;&gt;&gt;<\/a><\/p>\n","protected":false},"excerpt":{"rendered":"<p>After a magnificent tour of Scandinavia last fall, Le Vent du Nord return to Sweden this spring for a series of 10 concerts. Full details below. TICKETS ON SALE NOW April 21 Stora Teatern, G\u00f6teborg - with \u00a0support Lena Jonsson trio &gt;&gt;&gt; April 22: J\u00e4rna, Futurum \u00a0 April 23 V\u00e4ster\u00e5s, Konserthuset\u00a0 &gt;&gt;&gt; April 24 V\u00e4xj\u00f6, [&hellip;]<\/p>\n","protected":false},"author":2,"featured_media":268630,"comment_status":"closed","ping_status":"closed","sticky":false,"template":"","format":"standard","meta":{"footnotes":""},"categories":[54,55],"tags":[108],"class_list":["post-268640","post","type-post","status-publish","format-standard","has-post-thumbnail","hentry","category-front-page","category-news","tag-2025-en"],"_links":{"self":[{"href":"https:\/\/leventdunord.com\/en\/wp-json\/wp\/v2\/posts\/268640","targetHints":{"allow":["GET"]}}],"collection":[{"href":"https:\/\/leventdunord.com\/en\/wp-json\/wp\/v2\/posts"}],"about":[{"href":"https:\/\/leventdunord.com\/en\/wp-json\/wp\/v2\/types\/post"}],"author":[{"embeddable":true,"href":"https:\/\/leventdunord.com\/en\/wp-json\/wp\/v2\/users\/2"}],"replies":[{"embeddable":true,"href":"https:\/\/leventdunord.com\/en\/wp-json\/wp\/v2\/comments?post=268640"}],"version-history":[{"count":1,"href":"https:\/\/leventdunord.com\/en\/wp-json\/wp\/v2\/posts\/268640\/revisions"}],"predecessor-version":[{"id":269543,"href":"https:\/\/leventdunord.com\/en\/wp-json\/wp\/v2\/posts\/268640\/revisions\/269543"}],"wp:featuredmedia":[{"embeddable":true,"href":"https:\/\/leventdunord.com\/en\/wp-json\/wp\/v2\/media\/268630"}],"wp:attachment":[{"href":"https:\/\/leventdunord.com\/en\/wp-json\/wp\/v2\/media?parent=268640"}],"wp:term":[{"taxonomy":"category","embeddable":true,"href":"https:\/\/leventdunord.com\/en\/wp-json\/wp\/v2\/categories?post=268640"},{"taxonomy":"post_tag","embeddable":true,"href":"https:\/\/leventdunord.com\/en\/wp-json\/wp\/v2\/tags?post=268640"}],"curies":[{"name":"wp","href":"https:\/\/api.w.org\/{rel}","templated":true}]}}